{"id":1014,"date":"2019-11-17T06:00:56","date_gmt":"2019-11-17T09:00:56","guid":{"rendered":"http:\/\/www.glauciacoutinho.com.br\/gc\/?p=1014"},"modified":"2019-12-10T15:33:13","modified_gmt":"2019-12-10T18:33:13","slug":"como-aproveitar-as-verdadeiras-oportunidades-da-black-friday","status":"publish","type":"post","link":"http:\/\/www.glauciacoutinho.com.br\/gc\/como-aproveitar-as-verdadeiras-oportunidades-da-black-friday\/","title":{"rendered":"Como aproveitar as verdadeiras oportunidades da Black Friday?"},"content":{"rendered":"<style type=\"text\/css\"><\/style><section class=\"kc-elm kc-css-2676943 kc_row\"><div class=\"kc-row-container  kc-container\"><div class=\"kc-wrap-columns\"><div class=\"kc-elm kc-css-3738784 kc_col-sm-12 kc_column kc_col-sm-12\"><div class=\"kc-col-container\"><div class=\"kc-elm kc-css-4341308 kc_text_block\"><p><\/p>\n<figure class=\"wp-block-image\"><img loading=\"lazy\" class=\"alignleft size-medium\" src=\"http:\/\/www.glauciacoutinho.com.br\/gc\/wp-content\/uploads\/2019\/11\/foto-blackfriday.jpg\" alt=\"\" width=\"1050\" height=\"965\" \/><\/figure>\n<p><\/p>\n<p><\/p>\n<p>Antes de come\u00e7ar, eu queria trazer para voc\u00eas um pouquinho de hist\u00f3ria.\u00a0<\/p>\n<p><\/p>\n<p><\/p>\n<p>A Black Friday n\u00e3o tem data fixa, por que ela sempre acontece depois do feriado de a\u00e7\u00f5es de Gra\u00e7a nos Estados Unidos. Que \u00e9 um feriado extremamente importante para os americanos.<\/p>\n<p><\/p>\n<p><\/p>\n<p>O objetivo do com\u00e9rcio americano \u00e9 oferecer descontos realmente vantajosos, podendo chegar a 90% de desconto em determinados produtos. \u00c9 o maior dia de compras nos Estado Unidos.<\/p>\n<p><\/p>\n<p><\/p>\n<p>Ent\u00e3o, existe todo um preparo para que o dia seja realmente um fen\u00f4meno! Algumas lojas chegam a fechar um dia antes para organizar os estoques e deixar a loja pronta para o volume de pessoas que ir\u00e3o receber.<\/p>\n<p><\/p>\n<p><\/p>\n<h4>A Black Friday s\u00f3 se tornou a data de &#8220;maior compra&#8221; do ano em 2001. Apesar de j\u00e1 existir de forma substancial desde a d\u00e9cada de 1990.<\/h4>\n<p><\/p>\n<p><\/p>\n<p>Por conta do sucesso, os comerciantes do mundo todo come\u00e7aram a adotar, esse evento comercial de vendas com desconto, em novembro.<\/p>\n<p><\/p>\n<p><\/p>\n<p>No Brasil, como em muitos outros pa\u00edses, n\u00e3o existe o dia de a\u00e7\u00e3o de gra\u00e7as. Ent\u00e3o, n\u00f3s simplesmente seguimos o calend\u00e1rio dos Estados Unidos e fazemos a nossa Black Friday geralmente na \u00faltima sexta-feira do m\u00eas de novembro.<\/p>\n<p><\/p>\n<p><\/p>\n<p>E vamos al\u00e9m. Geralmente fazemos a promo\u00e7\u00e3o no final de semana inteiro para evitar tumultos.<\/p>\n<p><\/p>\n<p><\/p>\n<h4>Quais as vantagens para os empreendedores?<\/h4>\n<p><\/p>\n<p><\/p>\n<p>Alavancar as vendas de final de ano, poder colocar o que est\u00e1 se acumulando no estoques com pre\u00e7os mais competitivos e fazer um fluxo de caixa interessante para pagamentos \u00e0 vista.<\/p>\n<p><\/p>\n<p><\/p>\n<p>Eu mesma, quando tinha as minhas lavanderias, usava a data para fazer promo\u00e7\u00f5es rel\u00e2mpago e levantar valores, que ajudavam a pagar as contas de final de ano, de forma mais folgada.<\/p>\n<p><\/p>\n<p><\/p>\n<h4>Agora, olhando do ponto de vista do consumidor, o que comprar na Black Friday que com certeza ter\u00e3o pre\u00e7os diferenciados?<\/h4>\n<p><\/p>\n<p><\/p>\n<ul>\n<li>itens de moda,<\/li>\n<li>eletrodom\u00e9sticos (mas tem que pesquisar antes),<\/li>\n<li>pacote de viagens, celular,<\/li>\n<li>computador,<\/li>\n<li>entre os servi\u00e7os pense o que voc\u00ea costuma fazer uma vez por ano e verifique se o seu fornecedor vai participar da Black Friday.<\/li>\n<\/ul>\n<p><\/p>\n<p><\/p>\n<p>Eu, por exemplo, costumo cuidar das coisas da casa (lavar cortina, tapetes, sof\u00e1s) tudo no final do ano para deixar a casa pronta para o pr\u00f3ximo ano que vai come\u00e7ar.<\/p>\n<p><\/p>\n<p><\/p>\n<p>Essa \u00e9poca, eu consigo um bom desconto se pagar \u00e0 vista. Ent\u00e3o, depende de voc\u00ea se organizar, para aproveitar o que realmente \u00e9 importante para voc\u00ea.<\/p>\n<p><\/p>\n<p><\/p>\n<p>No ano passado, eu vi escola fazendo promo\u00e7\u00e3o de Black Friday para os pais que quisessem pagar o ano escolar antecipado. Ent\u00e3o pense nisso se voc\u00ea tem filhos.<\/p>\n<p><\/p>\n<p><\/p>\n<p>Vi sal\u00e3o de beleza vendendo pacotes de manicure, de escova e tintura para os meses que restavam do ano.<\/p>\n<p><\/p>\n<p><\/p>\n<p>Tem muita coisa que pode ser aproveitado, mas voc\u00ea precisa estar focada e identificar se o que voc\u00ea quer vai estar na Black Friday. Assim voc\u00ea n\u00e3o perde tempo e vai entrar em contato com o que realmente importa.<\/p>\n<p><\/p>\n<p><\/p>\n<p>Algu\u00e9m tem alguma d\u00favida sobre a Black Friday? Coloca aqui nos coment\u00e1rios que eu fa\u00e7o quest\u00e3o de responder!<\/p>\n<p><\/p>\n<p><\/p>\n<p>cr\u00e9dito:Imagem de <a href=\"https:\/\/pixabay.com\/pt\/users\/3D_Maennchen-1553824\/?utm_source=link-attribution&amp;utm_medium=referral&amp;utm_campaign=image&amp;utm_content=1010906\">Peggy und Marco Lachmann-Anke<\/a> por <a href=\"https:\/\/pixabay.com\/pt\/?utm_source=link-attribution&amp;utm_medium=referral&amp;utm_campaign=image&amp;utm_content=1010906\">Pixabay<\/a><\/p>\n<p><\/p>\n<\/div><\/div><\/div><\/div><\/div><\/section>","protected":false},"excerpt":{"rendered":"<p>Antes de come\u00e7ar, eu queria trazer para voc\u00eas um pouquinho de hist\u00f3ria.\u00a0 A Black Friday n\u00e3o tem data fixa, por que ela sempre acontece depois do feriado de a\u00e7\u00f5es de Gra\u00e7a nos Estados Unidos. Que \u00e9 um feriado extremamente importante para os americanos. O objetivo do com\u00e9rcio americano \u00e9 oferecer descontos realmente vantajosos, podendo chegar [&hellip;]<\/p>\n","protected":false},"author":2,"featured_media":1263,"comment_status":"open","ping_status":"open","sticky":false,"template":"","format":"standard","meta":[],"categories":[11],"tags":[],"_links":{"self":[{"href":"http:\/\/www.glauciacoutinho.com.br\/gc\/wp-json\/wp\/v2\/posts\/1014"}],"collection":[{"href":"http:\/\/www.glauciacoutinho.com.br\/gc\/wp-json\/wp\/v2\/posts"}],"about":[{"href":"http:\/\/www.glauciacoutinho.com.br\/gc\/wp-json\/wp\/v2\/types\/post"}],"author":[{"embeddable":true,"href":"http:\/\/www.glauciacoutinho.com.br\/gc\/wp-json\/wp\/v2\/users\/2"}],"replies":[{"embeddable":true,"href":"http:\/\/www.glauciacoutinho.com.br\/gc\/wp-json\/wp\/v2\/comments?post=1014"}],"version-history":[{"count":4,"href":"http:\/\/www.glauciacoutinho.com.br\/gc\/wp-json\/wp\/v2\/posts\/1014\/revisions"}],"predecessor-version":[{"id":1264,"href":"http:\/\/www.glauciacoutinho.com.br\/gc\/wp-json\/wp\/v2\/posts\/1014\/revisions\/1264"}],"wp:featuredmedia":[{"embeddable":true,"href":"http:\/\/www.glauciacoutinho.com.br\/gc\/wp-json\/wp\/v2\/media\/1263"}],"wp:attachment":[{"href":"http:\/\/www.glauciacoutinho.com.br\/gc\/wp-json\/wp\/v2\/media?parent=1014"}],"wp:term":[{"taxonomy":"category","embeddable":true,"href":"http:\/\/www.glauciacoutinho.com.br\/gc\/wp-json\/wp\/v2\/categories?post=1014"},{"taxonomy":"post_tag","embeddable":true,"href":"http:\/\/www.glauciacoutinho.com.br\/gc\/wp-json\/wp\/v2\/tags?post=1014"}],"curies":[{"name":"wp","href":"https:\/\/api.w.org\/{rel}","templated":true}]}}